{"id":1828,"date":"2018-07-17T10:22:59","date_gmt":"2018-07-17T15:22:59","guid":{"rendered":"https:\/\/beta.dipzo.net\/juriscooptest\/?p=1828"},"modified":"2018-07-17T10:46:16","modified_gmt":"2018-07-17T15:46:16","slug":"celebremos-el-cooperativismo","status":"publish","type":"post","link":"https:\/\/beta.dipzo.net\/juriscooptest\/celebremos-el-cooperativismo\/","title":{"rendered":"Celebremos el Cooperativismo"},"content":{"rendered":"<p><strong>El 7 de julio de 2018 se celebra el D\u00eda Internacional de las Cooperativas, pero \u00bfde d\u00f3nde surge esta conmemoraci\u00f3n?<\/strong><\/p>\n<p>Si buscamos en la historia vemos que <strong>el primer registro de una cooperativa aparece en 1761<\/strong>, en la localidad escocesa de Fenwick, donde un grupo de Hilanderas llevaban sacos de avena a la casa donde trabajaban y la vend\u00edan a un bajo precio, constituyendo as\u00ed unos a\u00f1os despu\u00e9s <strong>\u201cLa Sociedad de las Hilanderas de Fenwick\u201d<\/strong>. Ya <strong>en 1844, surge una iniciativa considerada como el prototipo de sociedad cooperativa moderna. <\/strong>Un grupo de artesanos que trabajan en f\u00e1bricas de algod\u00f3n en Inglaterra se dieron cuenta que si reun\u00edan los pocos recursos que obten\u00edan por su trabajo podr\u00edan pagar los elevados precios de los alimentos y art\u00edculos dom\u00e9sticos que necesitaban, creando as\u00ed la primera empresa cooperativa moderna <strong>\u201cLa Sociedad Equitativa de los Pioneros de Rochdale\u201d.<\/strong><\/p>\n<p><strong>En el territorio nacional no es hasta finales del siglo XIX, principios del XX, cuando se dieron las primeras cooperativas, las cuales estaban orientadas al ahorro y cr\u00e9dito.<\/strong> Fue el General Rafael Uribe (1904) quien como presidente de la Rep\u00fablica plante\u00f3 la idea cooperativa. Luego, el padre Ad\u00e1n Puerto, por los a\u00f1os 20, la promueve en el oriente de pa\u00eds, siguiendo el modelo que hab\u00eda visto en Europa. Y en 1931 se expide la primera Ley de Cooperativas, la cual se ajustaba a la doctrina y principios promulgados por la Alianza Cooperativa Internacional, ACI.<\/p>\n<p>Y es que <strong>a lo largo de la historia hay miles de ejemplos en los que a trav\u00e9s de este tipo de sociedad las personas han podido mejorar sus niveles de vida y a su vez contribuir al desarrollo econ\u00f3mico<\/strong>, <strong>social, cultural y pol\u00edtico de las comunidades, fomentando siempre la igualdad, a lo largo y ancho del planeta.<\/strong><\/p>\n<p>Es ya <strong>en 1992<\/strong> cuando <strong>la Asamblea General de las Naciones Unidas proclama el D\u00eda Internacional de las Cooperativas el primer s\u00e1bado de julio de 1995 <\/strong>(siendo celebrado desde entonces el primer s\u00e1bado de ese mes de cada a\u00f1o), fecha elegida para que coincidiera con el D\u00eda Internacional de las Cooperativas que organizaba y festejaba desde 1923 la Alianza Cooperativa Internacional, ACI.<\/p>\n<p><strong>Seg\u00fan las Naciones Unidas el objetivo de este d\u00eda es:<\/strong><\/p>\n<p><strong>-Aumentar la conciencia sobre las cooperativas.<\/strong><\/p>\n<p><strong>-Destacar la complementariedad <\/strong>de las metas y los objetivos de las Naciones Unidas y del movimiento internacional de cooperativas.<\/p>\n<p><strong>-Destacar la contribuci\u00f3n del movimiento<\/strong> en la soluci\u00f3n de los principales problemas abordados por las Naciones Unidas.<\/p>\n<p><strong>-Fortalecer y ampliar las asociaciones entre<\/strong> el movimiento internacional de cooperativas y otros participantes, incluidos los gobiernos, a nivel local, nacional e internacional.<\/p>\n<p>Cada a\u00f1o se elige un tema de celebraci\u00f3n central y alrededor de este se llevan a cabo las diferentes actividades en cada lugar. <strong>En este 2018 todos los cooperativistas se mover\u00e1n por \u201cSociedades Sostenibles gracias a la Cooperaci\u00f3n\u201d.<\/strong><\/p>\n<p>&nbsp;<\/p>\n","protected":false},"excerpt":{"rendered":"<p>El 7 de julio de 2018 se celebra el D\u00eda Internacional de las Cooperativas, pero \u00bfde d\u00f3nde surge esta conmemoraci\u00f3n?<\/p>\n","protected":false},"author":2,"featured_media":1843,"comment_status":"open","ping_status":"open","sticky":false,"template":"","format":"standard","meta":[],"categories":[17],"tags":[58,51,56,71],"_links":{"self":[{"href":"https:\/\/beta.dipzo.net\/juriscooptest\/wp-json\/wp\/v2\/posts\/1828"}],"collection":[{"href":"https:\/\/beta.dipzo.net\/juriscooptest\/wp-json\/wp\/v2\/posts"}],"about":[{"href":"https:\/\/beta.dipzo.net\/juriscooptest\/wp-json\/wp\/v2\/types\/post"}],"author":[{"embeddable":true,"href":"https:\/\/beta.dipzo.net\/juriscooptest\/wp-json\/wp\/v2\/users\/2"}],"replies":[{"embeddable":true,"href":"https:\/\/beta.dipzo.net\/juriscooptest\/wp-json\/wp\/v2\/comments?post=1828"}],"version-history":[{"count":1,"href":"https:\/\/beta.dipzo.net\/juriscooptest\/wp-json\/wp\/v2\/posts\/1828\/revisions"}],"predecessor-version":[{"id":1830,"href":"https:\/\/beta.dipzo.net\/juriscooptest\/wp-json\/wp\/v2\/posts\/1828\/revisions\/1830"}],"wp:featuredmedia":[{"embeddable":true,"href":"https:\/\/beta.dipzo.net\/juriscooptest\/wp-json\/wp\/v2\/media\/1843"}],"wp:attachment":[{"href":"https:\/\/beta.dipzo.net\/juriscooptest\/wp-json\/wp\/v2\/media?parent=1828"}],"wp:term":[{"taxonomy":"category","embeddable":true,"href":"https:\/\/beta.dipzo.net\/juriscooptest\/wp-json\/wp\/v2\/categories?post=1828"},{"taxonomy":"post_tag","embeddable":true,"href":"https:\/\/beta.dipzo.net\/juriscooptest\/wp-json\/wp\/v2\/tags?post=1828"}],"curies":[{"name":"wp","href":"https:\/\/api.w.org\/{rel}","templated":true}]}}